{"id":2073,"date":"2024-02-26T13:46:55","date_gmt":"2024-02-26T12:46:55","guid":{"rendered":"https:\/\/mc-netz.de\/unkategorisiert\/zkoumani-potencialu-fuze-v-praskovem-lozi\/"},"modified":"2024-07-25T11:38:03","modified_gmt":"2024-07-25T09:38:03","slug":"zkoumani-potencialu-fuze-v-praskovem-lozi","status":"publish","type":"post","link":"https:\/\/mc-netz.de\/cs\/zpravy-cs\/zkoumani-potencialu-fuze-v-praskovem-lozi\/","title":{"rendered":"Zkoum\u00e1n\u00ed potenci\u00e1lu f\u00faze v pr\u00e1\u0161kov\u00e9m lo\u017ei dne 16.05.2024"},"content":{"rendered":"\t\t<div data-elementor-type=\"wp-post\" data-elementor-id=\"2073\" class=\"elementor elementor-2073\" data-elementor-post-type=\"post\">\n\t\t\t\t<div class=\"elementor-element elementor-element-2da4208b e-flex e-con-boxed e-con e-parent\" data-id=\"2da4208b\" data-element_type=\"container\" data-e-type=\"container\">\n\t\t\t\t\t<div class=\"e-con-inner\">\n\t\t\t\t<div class=\"elementor-element elementor-element-3daca1ea elementor-widget elementor-widget-text-editor\" data-id=\"3daca1ea\" data-element_type=\"widget\" data-e-type=\"widget\" data-widget_type=\"text-editor.default\">\n\t\t\t\t<div class=\"elementor-widget-container\">\n\t\t\t\t\t\t\t\t\t<p class=\"has-text-align-left\">Setk\u00e1n\u00ed komunity 3D tisku. Pro odborn\u00edky, v\u011bdce a realiz\u00e1tory.<\/p>\n<p>&nbsp;<\/p>\n<p class=\"has-text-align-left\">Zased\u00e1n\u00ed se uskute\u010dn\u00ed 16. kv\u011btna 2024 od 13:00 do 20:00 v Barbingu.<\/p>\n<p>&nbsp;<\/p>\n<div class=\"wp-block-buttons\">\n<div class=\"wp-block-button has-custom-font-size\" style=\"font-size: 15px;\"><a class=\"wp-block-button__link has-white-color has-text-color has-background has-link-color wp-element-button\" style=\"border-radius: 10px; background-color: #0055a6;\" href=\"https:\/\/eveeno.com\/industrial3dprinting\" target=\"_blank\" rel=\"noreferrer noopener\">dozv\u011bd\u011bt se v\u00edce<\/a><\/div>\n<\/div>\t\t\t\t\t\t\t\t<\/div>\n\t\t\t\t<\/div>\n\t\t\t\t\t<\/div>\n\t\t\t\t<\/div>\n\t\t\t\t<\/div>\n\t\t","protected":false},"excerpt":{"rendered":"<p>Setk\u00e1n\u00ed komunity 3D tisku. Pro odborn\u00edky, v\u011bdce a realiz\u00e1tory. &nbsp; Zased\u00e1n\u00ed se uskute\u010dn\u00ed 16. kv\u011btna 2024 od 13:00 do 20:00 v Barbingu. &nbsp; dozv\u011bd\u011bt se v\u00edce<\/p>\n","protected":false},"author":1,"featured_media":2070,"comment_status":"closed","ping_status":"open","sticky":false,"template":"","format":"standard","meta":{"_acf_changed":false,"footnotes":""},"categories":[26],"tags":[],"class_list":["post-2073","post","type-post","status-publish","format-standard","has-post-thumbnail","hentry","category-zpravy-cs"],"acf":[],"_links":{"self":[{"href":"https:\/\/mc-netz.de\/cs\/wp-json\/wp\/v2\/posts\/2073","targetHints":{"allow":["GET"]}}],"collection":[{"href":"https:\/\/mc-netz.de\/cs\/wp-json\/wp\/v2\/posts"}],"about":[{"href":"https:\/\/mc-netz.de\/cs\/wp-json\/wp\/v2\/types\/post"}],"author":[{"embeddable":true,"href":"https:\/\/mc-netz.de\/cs\/wp-json\/wp\/v2\/users\/1"}],"replies":[{"embeddable":true,"href":"https:\/\/mc-netz.de\/cs\/wp-json\/wp\/v2\/comments?post=2073"}],"version-history":[{"count":11,"href":"https:\/\/mc-netz.de\/cs\/wp-json\/wp\/v2\/posts\/2073\/revisions"}],"predecessor-version":[{"id":2141,"href":"https:\/\/mc-netz.de\/cs\/wp-json\/wp\/v2\/posts\/2073\/revisions\/2141"}],"wp:featuredmedia":[{"embeddable":true,"href":"https:\/\/mc-netz.de\/cs\/wp-json\/wp\/v2\/media\/2070"}],"wp:attachment":[{"href":"https:\/\/mc-netz.de\/cs\/wp-json\/wp\/v2\/media?parent=2073"}],"wp:term":[{"taxonomy":"category","embeddable":true,"href":"https:\/\/mc-netz.de\/cs\/wp-json\/wp\/v2\/categories?post=2073"},{"taxonomy":"post_tag","embeddable":true,"href":"https:\/\/mc-netz.de\/cs\/wp-json\/wp\/v2\/tags?post=2073"}],"curies":[{"name":"wp","href":"https:\/\/api.w.org\/{rel}","templated":true}]}}