{"id":2047,"date":"2024-02-26T13:11:56","date_gmt":"2024-02-26T12:11:56","guid":{"rendered":"https:\/\/mc-netz.de\/unkategorisiert\/zasedani-erfa-ve-ctvrtek-25-04-2024-ve-1400-digitalizace\/"},"modified":"2025-03-12T10:22:34","modified_gmt":"2025-03-12T09:22:34","slug":"zasedani-erfa-ve-ctvrtek-25-04-2024-ve-1400-digitalizace","status":"publish","type":"post","link":"https:\/\/mc-netz.de\/cs\/zpravy-cs\/zasedani-erfa-ve-ctvrtek-25-04-2024-ve-1400-digitalizace\/","title":{"rendered":"Zased\u00e1n\u00ed ERFA dne 25.04.2024 &#8211; Digitalizace"},"content":{"rendered":"\t\t<div data-elementor-type=\"wp-post\" data-elementor-id=\"2047\" class=\"elementor elementor-2047\" data-elementor-post-type=\"post\">\n\t\t\t\t<div class=\"elementor-element elementor-element-76eb80c e-flex e-con-boxed e-con e-parent\" data-id=\"76eb80c\" data-element_type=\"container\" data-e-type=\"container\">\n\t\t\t\t\t<div class=\"e-con-inner\">\n\t\t\t\t<div class=\"elementor-element elementor-element-222da69b elementor-widget elementor-widget-text-editor\" data-id=\"222da69b\" data-element_type=\"widget\" data-e-type=\"widget\" data-widget_type=\"text-editor.default\">\n\t\t\t\t<div class=\"elementor-widget-container\">\n\t\t\t\t\t\t\t\t\t\n<p>Zahajujeme p\u00e1t\u00e9 setk\u00e1n\u00ed ERFA v na\u0161\u00ed s\u00edti pro intenzivn\u00ed osobn\u00ed v\u00fdm\u011bnu mezi v\u0161emi \u010dlensk\u00fdmi spole\u010dnostmi.<\/p>\n<p> <\/p>\n\n<p>Na sch\u016fzk\u00e1ch se jednotliv\u00e9 spole\u010dnosti p\u0159edstav\u00ed a uvedou sv\u00e1 technologick\u00e1 zam\u011b\u0159en\u00ed a v\u00fdzvy. C\u00edlem setk\u00e1n\u00ed je umo\u017enit jednotliv\u00fdm \u010dlensk\u00fdm spole\u010dnostem nahl\u00e9dnout do jin\u00fdch odv\u011btv\u00ed a \u0159e\u0161en\u00ed (cross-clustering). Nedostatek kvalifikovan\u00fdch pracovn\u00edk\u016f nut\u00ed v\u0161echny spole\u010dnosti digitalizovat \u0159adu v\u00fdrobn\u00edch a servisn\u00edch proces\u016f. Veden\u00ed projektu by proto ocenilo va\u0161i osobn\u00ed \u00fa\u010dast.<\/p>\n\n<p> <\/p>\n\n<p>Srde\u010dn\u011b v\u00e1s zveme na na\u0161e p\u00e1t\u00e9 a prvn\u00ed setk\u00e1n\u00ed ERFA v roce 2024.<\/p>\n<p> <\/p>\n\n<p>Spole\u010dn\u011b nav\u0161t\u00edv\u00edme tov\u00e1rnu Zollner AG v Zandtu.<\/p>\n<p> <\/p>\n\n<p><strong>Setk\u00e1n\u00ed a prohl\u00eddka tov\u00e1rny se zam\u011b\u0159\u00ed na t\u00e9ma digitalizace a<\/strong> uskute\u010dn\u00ed se ve<strong> \u010dtvrtek 25. dubna ve 14 <\/strong>:00. (Doba trv\u00e1n\u00ed p\u0159ibli\u017en\u011b 3 hodiny)<\/p>\n<p> <\/p>\n\n<p><strong>Adresa: Zollner AG | Manfred-Zollner-Stra\u00dfe 1 | 93499 Zandt | hlavn\u00ed vchod<\/strong><\/p>\n<p> <\/p>\n\n<p>Prvn\u00ed dojmy m\u016f\u017eete z\u00edskat p\u0159edem na <a href=\"http:\/\/atpscan.global.hornetsecurity.com\/index.php?atp_str=JjptUo0rugQYGiwmGbNcGCgyGAZN0i0Vv7PH8pIcA1PtDb9akbWvi7q2BDZ48js806xNKbr9Ttt35Sis9kFbbA1tMc8hrqZUicqNoyI86OJRaaQ_8X6vIZz_yMoZ2slLlK8LoN1mVLAUGzJgTh7llmu6wbLAj-WXl1-Qlu6jb-L3Kw1am6jNfPdHkFLbERbm3FBRJZiU05G0YJkyOWHTWQ0FD_YVwtYob7_N6_I-niR2N5rd82ELYSkqHo-qcpUutn0CIrfga3RtgW6Rr4kImTaAwb5toOL4ek8HiZ5JDkbFUhlKT7kUaCskqQT676coS0JiPx2EN3hSo60jOjoj5KZzpnpHbb3qmBhXIzo6I2qw1GsJlGuoNG582A8fZI0\">adrese www.zollner.de<\/a>.<\/p>\n<p> <\/p>\n\n<p>Na akci se pros\u00edm registrujte do 16. dubna 2024 na tomto odkazu:<\/p>\n<p> <\/p>\n\n<div class=\"wp-block-buttons\">\n<div class=\"wp-block-button has-custom-font-size\" style=\"font-size: 15px;\"><a class=\"wp-block-button__link has-white-color has-text-color has-background has-link-color wp-element-button\" style=\"border-radius: 10px; background-color: #0055a6;\" href=\"https:\/\/eveeno.com\/107951002\" target=\"_blank\" rel=\"noreferrer noopener\">Registrace<\/a><\/div>\n<\/div>\n\n<p> <\/p>\n<p>T\u011b\u0161\u00edme se na v\u00e1s 25.04.2024 spole\u010dn\u011b s panem Niklasem ze spole\u010dnosti Zollner AG.<\/p>\n<p> <\/p>\n\n<p>V p\u0159\u00edpad\u011b dotaz\u016f ohledn\u011b registrace se obra\u0165te na pan\u00ed Franzisku Schrott na <a href=\"mailto:franziska.schrott@lra.landkreis-cham.de\">adrese franziska.schrott@lra.landkreis-cham.de<\/a>.<\/p>\n<p> <\/p>\n\t\t\t\t\t\t\t\t<\/div>\n\t\t\t\t<\/div>\n\t\t\t\t\t<\/div>\n\t\t\t\t<\/div>\n\t\t\t\t<\/div>\n\t\t","protected":false},"excerpt":{"rendered":"<p>Zahajujeme p\u00e1t\u00e9 setk\u00e1n\u00ed ERFA v na\u0161\u00ed s\u00edti pro intenzivn\u00ed osobn\u00ed v\u00fdm\u011bnu mezi v\u0161emi \u010dlensk\u00fdmi spole\u010dnostmi. Na sch\u016fzk\u00e1ch se jednotliv\u00e9 spole\u010dnosti p\u0159edstav\u00ed a uvedou sv\u00e1 technologick\u00e1 zam\u011b\u0159en\u00ed a v\u00fdzvy. C\u00edlem setk\u00e1n\u00ed je umo\u017enit jednotliv\u00fdm \u010dlensk\u00fdm spole\u010dnostem nahl\u00e9dnout do jin\u00fdch odv\u011btv\u00ed a \u0159e\u0161en\u00ed (cross-clustering). Nedostatek kvalifikovan\u00fdch pracovn\u00edk\u016f nut\u00ed v\u0161echny spole\u010dnosti digitalizovat \u0159adu v\u00fdrobn\u00edch a servisn\u00edch proces\u016f. Veden\u00ed [&hellip;]<\/p>\n","protected":false},"author":1,"featured_media":2321,"comment_status":"closed","ping_status":"open","sticky":false,"template":"","format":"standard","meta":{"_acf_changed":false,"footnotes":""},"categories":[26],"tags":[],"class_list":["post-2047","post","type-post","status-publish","format-standard","has-post-thumbnail","hentry","category-zpravy-cs"],"acf":[],"_links":{"self":[{"href":"https:\/\/mc-netz.de\/cs\/wp-json\/wp\/v2\/posts\/2047","targetHints":{"allow":["GET"]}}],"collection":[{"href":"https:\/\/mc-netz.de\/cs\/wp-json\/wp\/v2\/posts"}],"about":[{"href":"https:\/\/mc-netz.de\/cs\/wp-json\/wp\/v2\/types\/post"}],"author":[{"embeddable":true,"href":"https:\/\/mc-netz.de\/cs\/wp-json\/wp\/v2\/users\/1"}],"replies":[{"embeddable":true,"href":"https:\/\/mc-netz.de\/cs\/wp-json\/wp\/v2\/comments?post=2047"}],"version-history":[{"count":6,"href":"https:\/\/mc-netz.de\/cs\/wp-json\/wp\/v2\/posts\/2047\/revisions"}],"predecessor-version":[{"id":2544,"href":"https:\/\/mc-netz.de\/cs\/wp-json\/wp\/v2\/posts\/2047\/revisions\/2544"}],"wp:featuredmedia":[{"embeddable":true,"href":"https:\/\/mc-netz.de\/cs\/wp-json\/wp\/v2\/media\/2321"}],"wp:attachment":[{"href":"https:\/\/mc-netz.de\/cs\/wp-json\/wp\/v2\/media?parent=2047"}],"wp:term":[{"taxonomy":"category","embeddable":true,"href":"https:\/\/mc-netz.de\/cs\/wp-json\/wp\/v2\/categories?post=2047"},{"taxonomy":"post_tag","embeddable":true,"href":"https:\/\/mc-netz.de\/cs\/wp-json\/wp\/v2\/tags?post=2047"}],"curies":[{"name":"wp","href":"https:\/\/api.w.org\/{rel}","templated":true}]}}