{"id":2034,"date":"2024-02-26T12:56:36","date_gmt":"2024-02-26T11:56:36","guid":{"rendered":"https:\/\/mc-netz.de\/unkategorisiert\/uvodni-seminar-o-umele-inteligenci-pro-sit-kompetenci-v-oblasti-mechatroniky\/"},"modified":"2024-06-25T09:09:28","modified_gmt":"2024-06-25T07:09:28","slug":"uvodni-seminar-o-umele-inteligenci-pro-sit-kompetenci-v-oblasti-mechatroniky","status":"publish","type":"post","link":"https:\/\/mc-netz.de\/cs\/zpravy-cs\/uvodni-seminar-o-umele-inteligenci-pro-sit-kompetenci-v-oblasti-mechatroniky\/","title":{"rendered":"\u00davodn\u00ed semin\u00e1\u0159 o um\u011bl\u00e9 inteligenci pro s\u00ed\u0165 kompetenc\u00ed pro mechatroniku 21. b\u0159ezna 2024"},"content":{"rendered":"\t\t<div data-elementor-type=\"wp-post\" data-elementor-id=\"2034\" class=\"elementor elementor-2034\" data-elementor-post-type=\"post\">\n\t\t\t\t<div class=\"elementor-element elementor-element-2ae6d3aa e-flex e-con-boxed e-con e-parent\" data-id=\"2ae6d3aa\" data-element_type=\"container\" data-e-type=\"container\">\n\t\t\t\t\t<div class=\"e-con-inner\">\n\t\t\t\t<div class=\"elementor-element elementor-element-2af55244 elementor-widget elementor-widget-text-editor\" data-id=\"2af55244\" data-element_type=\"widget\" data-e-type=\"widget\" data-widget_type=\"text-editor.default\">\n\t\t\t\t<div class=\"elementor-widget-container\">\n\t\t\t\t\t\t\t\t\t\n<p>V\u00e1\u017een\u00ed \u010dlenov\u00e9 kompeten\u010dn\u00ed s\u00edt\u011b pro mechatroniku,<\/p>\n<p> <\/p>\n\n<p>N\u00e1\u0161 technologick\u00fd kampus se studijn\u011b zam\u011b\u0159uje na um\u011blou inteligenci. R\u00e1di bychom intenzivn\u011bji vyu\u017e\u00edvali st\u00e1vaj\u00edc\u00ed technologick\u00e9 znalosti na univerzit\u011b pro na\u0161e \u010dleny v s\u00edti mechatroniky. V p\u0159\u00ed\u0161t\u00edch n\u011bkolika m\u011bs\u00edc\u00edch nab\u00eddneme n\u011bkolik semin\u00e1\u0159\u016f na r\u016fzn\u00e1 technologick\u00e1 t\u00e9mata.<\/p>\n\n<p> <\/p>\n\n<p><strong><u>\u00davodn\u00ed workshop o um\u011bl\u00e9 inteligenci<\/u><\/strong><\/p>\n\n<p>Na p\u0159\u00edkladu hlubok\u00e9ho u\u010den\u00ed budou na semin\u00e1\u0159i p\u0159edstaveny z\u00e1kladn\u00ed p\u0159\u00edstupy a techniky, ale p\u0159edev\u0161\u00edm p\u0159\u00edle\u017eitosti a rizika, aby bylo mo\u017en\u00e9 p\u0159ekonat z\u00e1brany t\u00fdkaj\u00edc\u00ed se hlubok\u00e9ho u\u010den\u00ed. pou\u017e\u00edv\u00e1n\u00ed um\u011bl\u00e9 inteligence mezi osobami s rozhodovac\u00ed pravomoc\u00ed ve spole\u010dnosti a budov\u00e1n\u00ed odpov\u00eddaj\u00edc\u00edho porozum\u011bn\u00ed. Diskutuje se tak\u00e9 praktick\u00e1 realizace toho, jak lze neuronov\u00e9 s\u00edt\u011b pom\u011brn\u011b snadno vytv\u00e1\u0159et pomoc\u00ed dne\u0161n\u00edch tzv. &#8222;framework\u016f&#8220;.<\/p>\n\n<p>Nejde o matematick\u00e9 z\u00e1klady, ale p\u0159edev\u0161\u00edm o kvalitativn\u00ed porozum\u011bn\u00ed! Jsou vysv\u011btleny pojmy jako um\u011bl\u00e1 inteligence, strojov\u00e9 u\u010den\u00ed a hlubok\u00e9 u\u010den\u00ed, neuronov\u00e9 s\u00edt\u011b. Mal\u00e1 cvi\u010den\u00ed ukazuj\u00ed, jak lze neuronov\u00e9 s\u00edt\u011b programovat. Mnoho p\u0159\u00edklad\u016f ukazuje, jak a k jak\u00fdm \u00fa\u010del\u016fm lze technologie AI ve firm\u00e1ch vyu\u017e\u00edt.<\/p>\n\n<p> <\/p>\n\n<p>Akce se uskute\u010dn\u00ed ve \u010dtvrtek 21. b\u0159ezna 2024 od 14:00 (p\u0159ibli\u017en\u011b do 17:00).<\/p>\n<p> <\/p>\n\n<p><strong>Um\u00edst\u011bn\u00ed:<\/strong> Technologick\u00fd kampus Cham, Badstra\u00dfe 21, 93413 Cham<\/p>\n\n<p>Zaregistrujte se pros\u00edm nejpozd\u011bji do 14.3.2024 prost\u0159ednictv\u00edm tohoto odkazu:<\/p>\n\n<p> <\/p>\n\n<div class=\"wp-block-buttons\">\n<div class=\"wp-block-button has-custom-font-size\" style=\"font-size: 15px;\"><a class=\"wp-block-button__link has-white-color has-text-color has-background has-link-color wp-element-button\" style=\"border-radius: 10px; background-color: #0055a6;\" href=\"https:\/\/eveeno.com\/187278083\" target=\"_blank\" rel=\"noreferrer noopener\">Registrace<\/a><\/div>\n<\/div>\n\n<p> <\/p>\n\n<p>Za \u00fa\u010dast na semin\u00e1\u0159i se vyb\u00edr\u00e1 p\u0159\u00edsp\u011bvek na n\u00e1klady ve v\u00fd\u0161i 100 EUR plus DPH. se \u00fa\u010dtuje da\u0148 z p\u0159idan\u00e9 hodnoty.<\/p>\n<p> <\/p>\n\n<p>T\u011b\u0161\u00edme se na va\u0161i \u00fa\u010dast.<\/p>\n\t\t\t\t\t\t\t\t<\/div>\n\t\t\t\t<\/div>\n\t\t\t\t\t<\/div>\n\t\t\t\t<\/div>\n\t\t\t\t<\/div>\n\t\t","protected":false},"excerpt":{"rendered":"<p>V\u00e1\u017een\u00ed \u010dlenov\u00e9 kompeten\u010dn\u00ed s\u00edt\u011b pro mechatroniku, N\u00e1\u0161 technologick\u00fd kampus se studijn\u011b zam\u011b\u0159uje na um\u011blou inteligenci. R\u00e1di bychom intenzivn\u011bji vyu\u017e\u00edvali st\u00e1vaj\u00edc\u00ed technologick\u00e9 znalosti na univerzit\u011b pro na\u0161e \u010dleny v s\u00edti mechatroniky. V p\u0159\u00ed\u0161t\u00edch n\u011bkolika m\u011bs\u00edc\u00edch nab\u00eddneme n\u011bkolik semin\u00e1\u0159\u016f na r\u016fzn\u00e1 technologick\u00e1 t\u00e9mata. \u00davodn\u00ed workshop o um\u011bl\u00e9 inteligenci Na p\u0159\u00edkladu hlubok\u00e9ho u\u010den\u00ed budou na semin\u00e1\u0159i p\u0159edstaveny z\u00e1kladn\u00ed [&hellip;]<\/p>\n","protected":false},"author":1,"featured_media":2321,"comment_status":"closed","ping_status":"open","sticky":false,"template":"","format":"standard","meta":{"_acf_changed":false,"footnotes":""},"categories":[26],"tags":[],"class_list":["post-2034","post","type-post","status-publish","format-standard","has-post-thumbnail","hentry","category-zpravy-cs"],"acf":[],"_links":{"self":[{"href":"https:\/\/mc-netz.de\/cs\/wp-json\/wp\/v2\/posts\/2034","targetHints":{"allow":["GET"]}}],"collection":[{"href":"https:\/\/mc-netz.de\/cs\/wp-json\/wp\/v2\/posts"}],"about":[{"href":"https:\/\/mc-netz.de\/cs\/wp-json\/wp\/v2\/types\/post"}],"author":[{"embeddable":true,"href":"https:\/\/mc-netz.de\/cs\/wp-json\/wp\/v2\/users\/1"}],"replies":[{"embeddable":true,"href":"https:\/\/mc-netz.de\/cs\/wp-json\/wp\/v2\/comments?post=2034"}],"version-history":[{"count":7,"href":"https:\/\/mc-netz.de\/cs\/wp-json\/wp\/v2\/posts\/2034\/revisions"}],"predecessor-version":[{"id":2129,"href":"https:\/\/mc-netz.de\/cs\/wp-json\/wp\/v2\/posts\/2034\/revisions\/2129"}],"wp:featuredmedia":[{"embeddable":true,"href":"https:\/\/mc-netz.de\/cs\/wp-json\/wp\/v2\/media\/2321"}],"wp:attachment":[{"href":"https:\/\/mc-netz.de\/cs\/wp-json\/wp\/v2\/media?parent=2034"}],"wp:term":[{"taxonomy":"category","embeddable":true,"href":"https:\/\/mc-netz.de\/cs\/wp-json\/wp\/v2\/categories?post=2034"},{"taxonomy":"post_tag","embeddable":true,"href":"https:\/\/mc-netz.de\/cs\/wp-json\/wp\/v2\/tags?post=2034"}],"curies":[{"name":"wp","href":"https:\/\/api.w.org\/{rel}","templated":true}]}}